{"id":36350,"date":"2025-03-21T17:53:37","date_gmt":"2025-03-21T21:53:37","guid":{"rendered":"https:\/\/elradar.info\/?p=36350"},"modified":"2025-03-21T17:53:38","modified_gmt":"2025-03-21T21:53:38","slug":"transportistas-de-la-paz-suspenden-paro-de-48-horas-tras-dialogo-con-el-gobierno-pero-advierten-con-nuevas-medidas","status":"publish","type":"post","link":"https:\/\/elradar.info\/?p=36350","title":{"rendered":"Transportistas de La Paz suspenden paro de 48 horas tras di\u00e1logo con el Gobierno, pero advierten con nuevas medidas"},"content":{"rendered":"\n<p>Una vez terminada la jornada de di\u00e1logo entre representantes del Gobierno y la Confederaci\u00f3n Sindical de Choferes de Bolivia, los transportistas del departamento de La Paz anunciaron la suspensi\u00f3n del paro de 48 horas que estaba previsto para este lunes 24 y martes 25 de marzo. Sin embargo, el sector se mantiene en estado de emergencia y no descarta retomar las medidas de presi\u00f3n si sus demandas no son atendidas.<\/p>\n\n\n\n<p>El ejecutivo de la Federaci\u00f3n de Choferes del departamento de La Paz, Edson Valdez se\u00f1al\u00f3:<\/p>\n\n\n\n<p>\u201cComo departamento de La Paz suspendemos el paro del d\u00eda lunes y martes, porque nosotros respetamos la estructura del CEN de la Confederaci\u00f3n y a la vez todas a todas las federaciones, las que entrar\u00e1n en este cuarto intermedio que se ha dado y por el que vamos a suspender el paro en La Paz\u201d.<\/p>\n\n\n\n<p>Valdez tambi\u00e9n reiter\u00f3 la preocupaci\u00f3n del sector por la persistente escasez de combustible, que ha provocado largas filas en los surtidores durante las \u00faltimas dos semanas. \u201cSi cumple con el acuerdo no habr\u00e1 m\u00e1s medidas, pero si no cumple, seguiremos en la lucha, porque queremos dar mejor vida a nuestras familias\u201d, advirti\u00f3.<\/p>\n\n\n\n<p>Por su parte, Lucio G\u00f3mez, ejecutivo de la Confederaci\u00f3n Sindical de Choferes de Bolivia, inform\u00f3 que el sector entreg\u00f3 un pliego petitorio al Gobierno y estableci\u00f3 un plazo de 48 horas para recibir respuestas concretas. De no obtener una soluci\u00f3n, los choferes amenazan con iniciar un paro indefinido a nivel nacional.<\/p>\n\n\n\n<p>Las demandas del sector incluyen la normalizaci\u00f3n del suministro de combustible, ajustes en el precio de los repuestos y otros temas estructurales que afectan al gremio del transporte. Adem\u00e1s, uno de los puntos m\u00e1s complejos del di\u00e1logo es la renuncia de la autoridad m\u00e1xima de la ABC, cuyo trabajo fue muy cuestionado por los choferes por el estado de las carreteras del pa\u00eds. Mientras tanto, se espera que el Gobierno brinde una respuesta a las exigencias del sector en las pr\u00f3ximas horas, con el fin de evitar una nueva paralizaci\u00f3n que podr\u00eda afectar a miles de ciudadanos en todo el pa\u00eds.<br><\/p>\n","protected":false},"excerpt":{"rendered":"<p>Una vez terminada la jornada de di\u00e1logo entre representantes del Gobierno y la Confederaci\u00f3n Sindical de Choferes de Bolivia, los transportistas del departamento de La Paz anunciaron la suspensi\u00f3n del paro de 48 horas que estaba previsto para este lunes 24 y martes 25 de marzo. Sin embargo, el sector se mantiene en estado de emergencia y no descarta retomar las medidas de presi\u00f3n si sus demandas no son atendidas. El ejecutivo de la Federaci\u00f3n de Choferes del departamento de La Paz, Edson Valdez se\u00f1al\u00f3: \u201cComo departamento de La Paz suspendemos el paro del d\u00eda lunes y martes, porque nosotros<\/p>\n","protected":false},"author":1,"featured_media":36353,"comment_status":"closed","ping_status":"closed","sticky":false,"template":"","format":"standard","meta":{"_seopress_robots_primary_cat":"none","_seopress_titles_title":"","_seopress_titles_desc":"","_seopress_robots_index":"","_jetpack_memberships_contains_paid_content":false,"footnotes":""},"categories":[103],"tags":[109,313,113,293,1094,167],"class_list":["post-36350","post","type-post","status-publish","format-standard","has-post-thumbnail","hentry","category-nacional","tag-bolivia","tag-cochabamba","tag-internacional","tag-la-paz","tag-nacional","tag-santa-cruz"],"jetpack_featured_media_url":"https:\/\/elradar.info\/wp-content\/uploads\/2025\/03\/choferes-portada.jpg","jetpack_sharing_enabled":true,"amp_enabled":true,"_links":{"self":[{"href":"https:\/\/elradar.info\/index.php?rest_route=\/wp\/v2\/posts\/36350","targetHints":{"allow":["GET"]}}],"collection":[{"href":"https:\/\/elradar.info\/index.php?rest_route=\/wp\/v2\/posts"}],"about":[{"href":"https:\/\/elradar.info\/index.php?rest_route=\/wp\/v2\/types\/post"}],"author":[{"embeddable":true,"href":"https:\/\/elradar.info\/index.php?rest_route=\/wp\/v2\/users\/1"}],"replies":[{"embeddable":true,"href":"https:\/\/elradar.info\/index.php?rest_route=%2Fwp%2Fv2%2Fcomments&post=36350"}],"version-history":[{"count":1,"href":"https:\/\/elradar.info\/index.php?rest_route=\/wp\/v2\/posts\/36350\/revisions"}],"predecessor-version":[{"id":36354,"href":"https:\/\/elradar.info\/index.php?rest_route=\/wp\/v2\/posts\/36350\/revisions\/36354"}],"wp:featuredmedia":[{"embeddable":true,"href":"https:\/\/elradar.info\/index.php?rest_route=\/wp\/v2\/media\/36353"}],"wp:attachment":[{"href":"https:\/\/elradar.info\/index.php?rest_route=%2Fwp%2Fv2%2Fmedia&parent=36350"}],"wp:term":[{"taxonomy":"category","embeddable":true,"href":"https:\/\/elradar.info\/index.php?rest_route=%2Fwp%2Fv2%2Fcategories&post=36350"},{"taxonomy":"post_tag","embeddable":true,"href":"https:\/\/elradar.info\/index.php?rest_route=%2Fwp%2Fv2%2Ftags&post=36350"}],"curies":[{"name":"wp","href":"https:\/\/api.w.org\/{rel}","templated":true}]}}