{"id":36443,"date":"2025-04-10T21:46:16","date_gmt":"2025-04-11T01:46:16","guid":{"rendered":"https:\/\/elradar.info\/?p=36443"},"modified":"2025-04-10T21:55:23","modified_gmt":"2025-04-11T01:55:23","slug":"presentan-esclarecedor-documental-sobre-el-fallido-golpe-de-estado-de-2024-en-bolivia","status":"publish","type":"post","link":"https:\/\/elradar.info\/?p=36443","title":{"rendered":"Presentan esclarecedor documental sobre el fallido golpe de Estado de 2024 en Bolivia"},"content":{"rendered":"\n<p>Un a\u00f1o despu\u00e9s del intento fallido de golpe de Estado que sacudi\u00f3 a Bolivia en 2024, se present\u00f3 hoy en La Paz el documental \u201c\u00bfQu\u00e9 pas\u00f3 el 26J?\u201d en el Auditorio del Banco Central de Bolivia, una producci\u00f3n audiovisual que reconstruye cronol\u00f3gicamente los hechos, actores y consecuencias de uno de los episodios m\u00e1s tensos de la historia pol\u00edtica reciente del pa\u00eds.<\/p>\n\n\n\n<p>El documental plantea una narrativa basada en hechos verificados y documentos oficiales, pero tambi\u00e9n incorpora testimonios in\u00e9ditos que revelan detalles hasta ahora desconocidos sobre los v\u00ednculos civiles y militares que estuvieron detr\u00e1s del intento de toma del poder. Entre ellos, el interrogatorio del exgeneral Z\u00fa\u00f1iga. Asimismo, dos de los elementos m\u00e1s importantes son la revelaci\u00f3n de la participaci\u00f3n de la encargada de negocios de los Estados Unidos, Debra Hevia, y la de ONGs de derechos humanos a trav\u00e9s de Fernando Hamdan.<\/p>\n\n\n\n<p>Entre otros datos esclarecedores se encuentra la posible participaci\u00f3n de Paul Coca y Jaime Dunn, quienes estar\u00edan esperando ocupar ministerios en el nuevo gobierno de facto. Varios de estos actores, entre ellos Jorge Valda y otros miembros del Bunker y grupos de oposici\u00f3n, hablaron abiertamente, ante los medios de comunicaci\u00f3n, sobre una inminente interrupci\u00f3n del mandato de Luis Arce Catacora.<\/p>\n\n\n\n<p>Con este trabajo, el Ministerio de Gobierno espera no solo contribuir al esclarecimiento de los hechos, sino tambi\u00e9n generar un debate profundo sobre los peligros del autoritarismo, el rol de las Fuerzas Armadas en la pol\u00edtica y la necesidad de fortalecer las instituciones democr\u00e1ticas en Bolivia.<\/p>\n","protected":false},"excerpt":{"rendered":"<p>Un a\u00f1o despu\u00e9s del intento fallido de golpe de Estado que sacudi\u00f3 a Bolivia en 2024, se present\u00f3 hoy en La Paz el documental \u201c\u00bfQu\u00e9 pas\u00f3 el 26J?\u201d en el Auditorio del Banco Central de Bolivia, una producci\u00f3n audiovisual que reconstruye cronol\u00f3gicamente los hechos, actores y consecuencias de uno de los episodios m\u00e1s tensos de la historia pol\u00edtica reciente del pa\u00eds. El documental plantea una narrativa basada en hechos verificados y documentos oficiales, pero tambi\u00e9n incorpora testimonios in\u00e9ditos que revelan detalles hasta ahora desconocidos sobre los v\u00ednculos civiles y militares que estuvieron detr\u00e1s del intento de toma del poder. Entre<\/p>\n","protected":false},"author":1,"featured_media":35669,"comment_status":"closed","ping_status":"closed","sticky":false,"template":"","format":"standard","meta":{"_seopress_robots_primary_cat":"none","_seopress_titles_title":"","_seopress_titles_desc":"","_seopress_robots_index":"","_jetpack_memberships_contains_paid_content":false,"footnotes":""},"categories":[103],"tags":[109,313,113,293,132,1094,167],"class_list":["post-36443","post","type-post","status-publish","format-standard","has-post-thumbnail","hentry","category-nacional","tag-bolivia","tag-cochabamba","tag-internacional","tag-la-paz","tag-luis-arce","tag-nacional","tag-santa-cruz"],"jetpack_featured_media_url":"https:\/\/elradar.info\/wp-content\/uploads\/2024\/06\/radar-golpe.jpg","jetpack_sharing_enabled":true,"amp_enabled":true,"_links":{"self":[{"href":"https:\/\/elradar.info\/index.php?rest_route=\/wp\/v2\/posts\/36443","targetHints":{"allow":["GET"]}}],"collection":[{"href":"https:\/\/elradar.info\/index.php?rest_route=\/wp\/v2\/posts"}],"about":[{"href":"https:\/\/elradar.info\/index.php?rest_route=\/wp\/v2\/types\/post"}],"author":[{"embeddable":true,"href":"https:\/\/elradar.info\/index.php?rest_route=\/wp\/v2\/users\/1"}],"replies":[{"embeddable":true,"href":"https:\/\/elradar.info\/index.php?rest_route=%2Fwp%2Fv2%2Fcomments&post=36443"}],"version-history":[{"count":2,"href":"https:\/\/elradar.info\/index.php?rest_route=\/wp\/v2\/posts\/36443\/revisions"}],"predecessor-version":[{"id":36448,"href":"https:\/\/elradar.info\/index.php?rest_route=\/wp\/v2\/posts\/36443\/revisions\/36448"}],"wp:featuredmedia":[{"embeddable":true,"href":"https:\/\/elradar.info\/index.php?rest_route=\/wp\/v2\/media\/35669"}],"wp:attachment":[{"href":"https:\/\/elradar.info\/index.php?rest_route=%2Fwp%2Fv2%2Fmedia&parent=36443"}],"wp:term":[{"taxonomy":"category","embeddable":true,"href":"https:\/\/elradar.info\/index.php?rest_route=%2Fwp%2Fv2%2Fcategories&post=36443"},{"taxonomy":"post_tag","embeddable":true,"href":"https:\/\/elradar.info\/index.php?rest_route=%2Fwp%2Fv2%2Ftags&post=36443"}],"curies":[{"name":"wp","href":"https:\/\/api.w.org\/{rel}","templated":true}]}}