{"id":36513,"date":"2025-04-22T17:36:58","date_gmt":"2025-04-22T21:36:58","guid":{"rendered":"https:\/\/elradar.info\/?p=36513"},"modified":"2025-04-22T17:36:59","modified_gmt":"2025-04-22T21:36:59","slug":"evo-morales-como-candidato-por-el-mnr-sus-coincidencias-con-victor-paz-estenssoro","status":"publish","type":"post","link":"https:\/\/elradar.info\/?p=36513","title":{"rendered":"\u00bfEvo Morales como candidato por el MNR? Sus coincidencias con V\u00edctor Paz Estenssoro"},"content":{"rendered":"\n<p>Aunque separados por m\u00e1s de medio siglo de historia, Evo Morales y V\u00edctor Paz Estenssoro comparten sorprendentes similitudes en su forma de ejercer el poder y moldear el escenario pol\u00edtico boliviano. Por lo cual, no sorprende mucho que recientemente se haya barajado que Morales vaya como candidato de ese hist\u00f3rico partido rumbo a las elecciones de 2025. M\u00e1s all\u00e1 de las diferencias ideol\u00f3gicas entre el l\u00edder ind\u00edgena y el arquitecto de la Revoluci\u00f3n Nacional de 1952, ambos siguieron los mismos caminos en el entramado pol\u00edtico del pa\u00eds.<\/p>\n\n\n\n<p>Tanto Morales como Paz Estenssoro construyeron movimientos pol\u00edticos profundamente marcados por su figura. El Movimiento Nacionalista Revolucionario (MNR) y el Movimiento al Socialismo (MAS) se consolidaron como fuerzas hegem\u00f3nicas gracias a la capacidad de sus l\u00edderes para encarnar proyectos hist\u00f3ricos amplios, aunque en contextos distintos. Paz fue la cara visible de la Revoluci\u00f3n del 52, mientras que Morales se convirti\u00f3 en el primer presidente ind\u00edgena del pa\u00eds, emergiendo desde el sindicalismo cocalero para transformar el Estado boliviano. Del mismo modo, ambos tuvieron en el campesinado y el \u00e1rea rural los votos que sellaron sus victorias.<\/p>\n\n\n\n<p>Los dos primeros mandatarios buscaron, en sus distintos contextos hist\u00f3ricos y pol\u00edticos, redise\u00f1ar el aparato estatal para consolidar sus proyectos. Tras 1952, Paz promovi\u00f3 la reforma educativa, el control del ej\u00e9rcito y la creaci\u00f3n de nuevas instituciones bajo la l\u00f3gica revolucionaria. Morales, en 2009, impuls\u00f3 una nueva Constituci\u00f3n que declar\u00f3 a Bolivia como Estado Plurinacional, al tiempo que afianz\u00f3 el poder del Ejecutivo y del MAS sobre los \u00f3rganos del Estado.<\/p>\n\n\n\n<p>El deseo de mantenerse en la silla presidencial tambi\u00e9n nubl\u00f3 el juicio de los dos, Paz Estenssoro, en su primera elecci\u00f3n de 1951, hab\u00eda obtenido el 42,9% de los votos. En la segunda de 1960, ya con voto universal, hab\u00eda obtenido el 74,5%. Ten\u00eda dos tercios en el Congreso Nacional y ello le permiti\u00f3 modificar la Constituci\u00f3n Pol\u00edtica del Estado introduciendo la figura de la reelecci\u00f3n, hasta entonces proscrita.&nbsp; Del mismo modo, Evo Morales fue electo presidente en 2005 con el 53.74% de los votos, siendo el primer candidato en ganar con mayor\u00eda absoluta desde 1982. En 2009 fue reelecto con el 64.22% en la primera elecci\u00f3n bajo la nueva Constituci\u00f3n, la misma que, al igual que Paz Estenssoro, modific\u00f3 para poder ser reelegido. En 2016 llam\u00f3 a un refer\u00e9ndum para poder volver a postularse como candidato, perdi\u00f3, sin embargo, volvi\u00f3 a presentarse en 2019, algo que sell\u00f3 su salida del poder tras 14 a\u00f1os ininterrumpidos.<\/p>\n\n\n\n<p>Sin embargo, quiz\u00e1s la mayor similitud entre ambos es su capacidad de transformaci\u00f3n ideol\u00f3gica en funci\u00f3n de mantenerse en el poder. Paz, que nacionaliz\u00f3 las minas y aplic\u00f3 una reforma agraria, impuls\u00f3 d\u00e9cadas despu\u00e9s un programa de ajuste estructural y apertura de mercado en su \u00faltimo mandato. Morales, aunque surgi\u00f3 con un discurso antiimperialista y de izquierda radical, hizo tambi\u00e9n acuerdos con sectores de oposici\u00f3n y empresariales, algo que se increment\u00f3 posteriormente, durante el gobierno de Luis Arce, cuando se convirti\u00f3 en el mayor aliado de la oposici\u00f3n.<\/p>\n","protected":false},"excerpt":{"rendered":"<p>Aunque separados por m\u00e1s de medio siglo de historia, Evo Morales y V\u00edctor Paz Estenssoro comparten sorprendentes similitudes en su forma de ejercer el poder y moldear el escenario pol\u00edtico boliviano. Por lo cual, no sorprende mucho que recientemente se haya barajado que Morales vaya como candidato de ese hist\u00f3rico partido rumbo a las elecciones de 2025. M\u00e1s all\u00e1 de las diferencias ideol\u00f3gicas entre el l\u00edder ind\u00edgena y el arquitecto de la Revoluci\u00f3n Nacional de 1952, ambos siguieron los mismos caminos en el entramado pol\u00edtico del pa\u00eds. Tanto Morales como Paz Estenssoro construyeron movimientos pol\u00edticos profundamente marcados por su figura.<\/p>\n","protected":false},"author":1,"featured_media":36516,"comment_status":"closed","ping_status":"closed","sticky":false,"template":"","format":"standard","meta":{"_seopress_robots_primary_cat":"none","_seopress_titles_title":"","_seopress_titles_desc":"","_seopress_robots_index":"","_jetpack_memberships_contains_paid_content":false,"footnotes":""},"categories":[103],"tags":[109,708,113,293,1094,167],"class_list":["post-36513","post","type-post","status-publish","format-standard","has-post-thumbnail","hentry","category-nacional","tag-bolivia","tag-gobierno-nacional","tag-internacional","tag-la-paz","tag-nacional","tag-santa-cruz"],"jetpack_featured_media_url":"https:\/\/elradar.info\/wp-content\/uploads\/2025\/04\/portada-victor-radar.jpg","jetpack_sharing_enabled":true,"amp_enabled":true,"_links":{"self":[{"href":"https:\/\/elradar.info\/index.php?rest_route=\/wp\/v2\/posts\/36513","targetHints":{"allow":["GET"]}}],"collection":[{"href":"https:\/\/elradar.info\/index.php?rest_route=\/wp\/v2\/posts"}],"about":[{"href":"https:\/\/elradar.info\/index.php?rest_route=\/wp\/v2\/types\/post"}],"author":[{"embeddable":true,"href":"https:\/\/elradar.info\/index.php?rest_route=\/wp\/v2\/users\/1"}],"replies":[{"embeddable":true,"href":"https:\/\/elradar.info\/index.php?rest_route=%2Fwp%2Fv2%2Fcomments&post=36513"}],"version-history":[{"count":1,"href":"https:\/\/elradar.info\/index.php?rest_route=\/wp\/v2\/posts\/36513\/revisions"}],"predecessor-version":[{"id":36517,"href":"https:\/\/elradar.info\/index.php?rest_route=\/wp\/v2\/posts\/36513\/revisions\/36517"}],"wp:featuredmedia":[{"embeddable":true,"href":"https:\/\/elradar.info\/index.php?rest_route=\/wp\/v2\/media\/36516"}],"wp:attachment":[{"href":"https:\/\/elradar.info\/index.php?rest_route=%2Fwp%2Fv2%2Fmedia&parent=36513"}],"wp:term":[{"taxonomy":"category","embeddable":true,"href":"https:\/\/elradar.info\/index.php?rest_route=%2Fwp%2Fv2%2Fcategories&post=36513"},{"taxonomy":"post_tag","embeddable":true,"href":"https:\/\/elradar.info\/index.php?rest_route=%2Fwp%2Fv2%2Ftags&post=36513"}],"curies":[{"name":"wp","href":"https:\/\/api.w.org\/{rel}","templated":true}]}}