{"id":36584,"date":"2025-05-08T15:05:02","date_gmt":"2025-05-08T19:05:02","guid":{"rendered":"https:\/\/elradar.info\/?p=36584"},"modified":"2025-05-08T15:05:03","modified_gmt":"2025-05-08T19:05:03","slug":"bolivia-reafirma-su-compromiso-con-la-paz-y-respalda-tregua-propuesta-por-rusia-en-el-conflicto-con-ucrania","status":"publish","type":"post","link":"https:\/\/elradar.info\/?p=36584","title":{"rendered":"Bolivia reafirma su compromiso con la paz y respalda tregua propuesta por Rusia en el conflicto con Ucrania"},"content":{"rendered":"\n<p>El presidente del Estado Plurinacional de Bolivia, Luis Arce, reiter\u00f3 el firme compromiso de su gobierno con la paz mundial, al expresar su respaldo a la tregua temporal propuesta por el presidente ruso Vlad\u00edmir Putin en el conflicto que enfrenta a la Federaci\u00f3n de Rusia con Ucrania y la OTAN.<\/p>\n\n\n\n<p>A trav\u00e9s de una publicaci\u00f3n en la red social X (antes Twitter), el mandatario boliviano destac\u00f3 que Mosc\u00fa conmemorar\u00e1 este 9 de mayo el 80\u00ba aniversario del &#8220;D\u00eda de la Victoria&#8221; sobre el fascismo, un acto que contar\u00e1 con la participaci\u00f3n de l\u00edderes y jefes de Estado de diversos pa\u00edses. En ese contexto, Arce rechaz\u00f3 las recientes declaraciones del presidente ucraniano Volod\u00edmir Zelenski, quien afirm\u00f3 que Ucrania no asumir\u00e1 responsabilidades por posibles hechos ocurridos en territorio ruso durante ese periodo.<\/p>\n\n\n\n<p>&#8220;Desde el Estado Plurinacional de Bolivia manifestamos nuestro apoyo al presidente Vlad\u00edmir Putin, sobre la tregua en el conflicto militar con Ucrania y la OTAN, entre el 8 y el 11 de mayo&#8221;, se\u00f1al\u00f3 Arce en su publicaci\u00f3n. Adem\u00e1s, reafirm\u00f3 que Bolivia &#8220;siempre alzar\u00e1 la voz en favor de la paz&#8221;, como lo ha hecho de forma reiterada ante la Asamblea General de las Naciones Unidas.<\/p>\n\n\n\n<p>La declaraci\u00f3n del presidente boliviano se enmarca en la pol\u00edtica exterior pacifista del pa\u00eds andino, que aboga por la soluci\u00f3n pac\u00edfica de los conflictos internacionales y el respeto al derecho internacional humanitario.<\/p>\n","protected":false},"excerpt":{"rendered":"<p>El presidente del Estado Plurinacional de Bolivia, Luis Arce, reiter\u00f3 el firme compromiso de su gobierno con la paz mundial, al expresar su respaldo a la tregua temporal propuesta por el presidente ruso Vlad\u00edmir Putin en el conflicto que enfrenta a la Federaci\u00f3n de Rusia con Ucrania y la OTAN. A trav\u00e9s de una publicaci\u00f3n en la red social X (antes Twitter), el mandatario boliviano destac\u00f3 que Mosc\u00fa conmemorar\u00e1 este 9 de mayo el 80\u00ba aniversario del &#8220;D\u00eda de la Victoria&#8221; sobre el fascismo, un acto que contar\u00e1 con la participaci\u00f3n de l\u00edderes y jefes de Estado de diversos pa\u00edses.<\/p>\n","protected":false},"author":1,"featured_media":36588,"comment_status":"closed","ping_status":"closed","sticky":false,"template":"","format":"standard","meta":{"_seopress_robots_primary_cat":"none","_seopress_titles_title":"","_seopress_titles_desc":"","_seopress_robots_index":"","_jetpack_memberships_contains_paid_content":false,"footnotes":""},"categories":[107],"tags":[109,313,113,293,132,120,1094,167],"class_list":["post-36584","post","type-post","status-publish","format-standard","has-post-thumbnail","hentry","category-internacional","tag-bolivia","tag-cochabamba","tag-internacional","tag-la-paz","tag-luis-arce","tag-luis-arce-catacora","tag-nacional","tag-santa-cruz"],"jetpack_featured_media_url":"https:\/\/elradar.info\/wp-content\/uploads\/2025\/05\/portada-lucho-ucrania.jpg","jetpack_sharing_enabled":true,"amp_enabled":true,"_links":{"self":[{"href":"https:\/\/elradar.info\/index.php?rest_route=\/wp\/v2\/posts\/36584","targetHints":{"allow":["GET"]}}],"collection":[{"href":"https:\/\/elradar.info\/index.php?rest_route=\/wp\/v2\/posts"}],"about":[{"href":"https:\/\/elradar.info\/index.php?rest_route=\/wp\/v2\/types\/post"}],"author":[{"embeddable":true,"href":"https:\/\/elradar.info\/index.php?rest_route=\/wp\/v2\/users\/1"}],"replies":[{"embeddable":true,"href":"https:\/\/elradar.info\/index.php?rest_route=%2Fwp%2Fv2%2Fcomments&post=36584"}],"version-history":[{"count":1,"href":"https:\/\/elradar.info\/index.php?rest_route=\/wp\/v2\/posts\/36584\/revisions"}],"predecessor-version":[{"id":36589,"href":"https:\/\/elradar.info\/index.php?rest_route=\/wp\/v2\/posts\/36584\/revisions\/36589"}],"wp:featuredmedia":[{"embeddable":true,"href":"https:\/\/elradar.info\/index.php?rest_route=\/wp\/v2\/media\/36588"}],"wp:attachment":[{"href":"https:\/\/elradar.info\/index.php?rest_route=%2Fwp%2Fv2%2Fmedia&parent=36584"}],"wp:term":[{"taxonomy":"category","embeddable":true,"href":"https:\/\/elradar.info\/index.php?rest_route=%2Fwp%2Fv2%2Fcategories&post=36584"},{"taxonomy":"post_tag","embeddable":true,"href":"https:\/\/elradar.info\/index.php?rest_route=%2Fwp%2Fv2%2Ftags&post=36584"}],"curies":[{"name":"wp","href":"https:\/\/api.w.org\/{rel}","templated":true}]}}