{"id":37021,"date":"2025-10-30T19:43:14","date_gmt":"2025-10-30T23:43:14","guid":{"rendered":"https:\/\/elradar.info\/?p=37021"},"modified":"2025-10-30T19:44:42","modified_gmt":"2025-10-30T23:44:42","slug":"denuncian-maniobras-de-la-oea-y-el-departamento-de-estado-para-excluir-a-la-sociedad-civil-en-la-decima-cumbre-de-las-americas","status":"publish","type":"post","link":"https:\/\/elradar.info\/?p=37021","title":{"rendered":"Denuncian maniobras de la OEA y el Departamento de Estado para excluir a la sociedad civil en la D\u00e9cima Cumbre de las Am\u00e9ricas"},"content":{"rendered":"\n<p>Un nuevo esc\u00e1ndalo sacude a la <strong>Organizaci\u00f3n de Estados Americanos (OEA)<\/strong> tras revelarse denuncias sobre supuestos intentos de <strong>obstaculizar la participaci\u00f3n plena de la sociedad civil<\/strong> en las jornadas de debate de la <strong>D\u00e9cima Cumbre de las Am\u00e9ricas<\/strong>, que se celebrar\u00e1 en Rep\u00fablica Dominicana.<\/p>\n\n\n\n<p>De acuerdo con informaci\u00f3n a la que tuvo acceso el medio de comunicaci\u00f3n boliviano, <em>El Radar<\/em>, <strong>la OEA y el Departamento de Estado de Estados Unidos<\/strong>, en coordinaci\u00f3n con el <strong>gobierno dominicano<\/strong>, habr\u00edan dise\u00f1ado una estrategia para <strong>limitar la participaci\u00f3n de organizaciones independientes<\/strong> y enfocar el encuentro en <strong>ataques pol\u00edticos contra Venezuela y Cuba<\/strong>, desplazando los temas centrales de <strong>democracia y derechos humanos<\/strong>.<\/p>\n\n\n\n<p>Las fuentes consultadas se\u00f1alan que <strong>Marco Rubio<\/strong>, senador estadounidense y figura influyente en la pol\u00edtica exterior de Washington, ser\u00eda <strong>el principal promotor<\/strong> de esta maniobra, en un intento por consolidar su liderazgo dentro del Departamento de Estado. La estrategia ya habr\u00eda generado <strong>malestar entre varias ONG vinculadas a la OEA<\/strong>, que cuestionan la manipulaci\u00f3n de la agenda regional.<\/p>\n\n\n\n<p>Asimismo, se alerta que la <strong>Cumbre prioriza la participaci\u00f3n de organizaciones con v\u00ednculos cuestionados<\/strong>, como la <strong>Fundaci\u00f3n para los Derechos Humanos en Cuba<\/strong>, se\u00f1alada por su relaci\u00f3n con la <strong>Fundaci\u00f3n Nacional Cubano Americana<\/strong>, entidad denunciada por su historial de apoyo a grupos extremistas.<\/p>\n\n\n\n<p>Ante este escenario, la <strong>Coalici\u00f3n LGBTI de la OEA<\/strong> habr\u00eda articulado una red de <strong>m\u00e1s de 60 organizaciones no gubernamentales<\/strong> que preparan <strong>protestas y denuncias p\u00fablicas<\/strong> contra lo que consideran una <strong>\u201cmanipulaci\u00f3n pol\u00edtica\u201d<\/strong> de la OEA y sus socios regionales.<\/p>\n\n\n\n<p>Estas revelaciones refuerzan las cr\u00edticas que acusan a la <strong>OEA de actuar como un instrumento del Departamento de Estado<\/strong>, subordinando su independencia institucional a los intereses de la pol\u00edtica exterior estadounidense.<\/p>\n","protected":false},"excerpt":{"rendered":"<p>Un nuevo esc\u00e1ndalo sacude a la Organizaci\u00f3n de Estados Americanos (OEA) tras revelarse denuncias sobre supuestos intentos de obstaculizar la participaci\u00f3n plena de la sociedad civil en las jornadas de debate de la D\u00e9cima Cumbre de las Am\u00e9ricas, que se celebrar\u00e1 en Rep\u00fablica Dominicana. De acuerdo con informaci\u00f3n a la que tuvo acceso el medio de comunicaci\u00f3n boliviano, El Radar, la OEA y el Departamento de Estado de Estados Unidos, en coordinaci\u00f3n con el gobierno dominicano, habr\u00edan dise\u00f1ado una estrategia para limitar la participaci\u00f3n de organizaciones independientes y enfocar el encuentro en ataques pol\u00edticos contra Venezuela y Cuba, desplazando los<\/p>\n","protected":false},"author":1,"featured_media":37024,"comment_status":"closed","ping_status":"closed","sticky":false,"template":"","format":"standard","meta":{"_seopress_robots_primary_cat":"none","_seopress_titles_title":"","_seopress_titles_desc":"","_seopress_robots_index":"","_jetpack_memberships_contains_paid_content":false,"footnotes":""},"categories":[107],"tags":[109,313,708,113,293,132,120,235,1094,167],"class_list":["post-37021","post","type-post","status-publish","format-standard","has-post-thumbnail","hentry","category-internacional","tag-bolivia","tag-cochabamba","tag-gobierno-nacional","tag-internacional","tag-la-paz","tag-luis-arce","tag-luis-arce-catacora","tag-luis-fernando-camacho","tag-nacional","tag-santa-cruz"],"jetpack_featured_media_url":"https:\/\/elradar.info\/wp-content\/uploads\/2025\/10\/portada-kkk.jpg","jetpack_sharing_enabled":true,"amp_enabled":true,"_links":{"self":[{"href":"https:\/\/elradar.info\/index.php?rest_route=\/wp\/v2\/posts\/37021","targetHints":{"allow":["GET"]}}],"collection":[{"href":"https:\/\/elradar.info\/index.php?rest_route=\/wp\/v2\/posts"}],"about":[{"href":"https:\/\/elradar.info\/index.php?rest_route=\/wp\/v2\/types\/post"}],"author":[{"embeddable":true,"href":"https:\/\/elradar.info\/index.php?rest_route=\/wp\/v2\/users\/1"}],"replies":[{"embeddable":true,"href":"https:\/\/elradar.info\/index.php?rest_route=%2Fwp%2Fv2%2Fcomments&post=37021"}],"version-history":[{"count":1,"href":"https:\/\/elradar.info\/index.php?rest_route=\/wp\/v2\/posts\/37021\/revisions"}],"predecessor-version":[{"id":37025,"href":"https:\/\/elradar.info\/index.php?rest_route=\/wp\/v2\/posts\/37021\/revisions\/37025"}],"wp:featuredmedia":[{"embeddable":true,"href":"https:\/\/elradar.info\/index.php?rest_route=\/wp\/v2\/media\/37024"}],"wp:attachment":[{"href":"https:\/\/elradar.info\/index.php?rest_route=%2Fwp%2Fv2%2Fmedia&parent=37021"}],"wp:term":[{"taxonomy":"category","embeddable":true,"href":"https:\/\/elradar.info\/index.php?rest_route=%2Fwp%2Fv2%2Fcategories&post=37021"},{"taxonomy":"post_tag","embeddable":true,"href":"https:\/\/elradar.info\/index.php?rest_route=%2Fwp%2Fv2%2Ftags&post=37021"}],"curies":[{"name":"wp","href":"https:\/\/api.w.org\/{rel}","templated":true}]}}