{"id":4140,"date":"2022-01-29T11:28:00","date_gmt":"2022-01-29T15:28:00","guid":{"rendered":"http:\/\/elradar.info\/?p=4140"},"modified":"2024-02-01T12:21:25","modified_gmt":"2024-02-01T16:21:25","slug":"juan-carlos-calvimontes-vivienda-destruida-por-desastres-es-vivienda-construida","status":"publish","type":"post","link":"https:\/\/elradar.info\/?p=4140","title":{"rendered":"Juan Carlos Calvimontes: \u201cvivienda destruida por desastres es vivienda construida\u201d"},"content":{"rendered":"\n<p>El viceministro de Defensa Civil, Juan Carlos Calvimontes, en una conferencia de prensa dada en el departamento de Tarija, inform\u00f3 que el Gobierno nacional moviliz\u00f3 a las Fuerzas Armadas y destin\u00f3 ayuda humanitaria para atender a los damnificados por las intensas lluvias en el departamento de Tarija, donde cuatro municipios resultaron afectados.\u00a0<\/p>\n\n\n\n<p><em>\u201cUna vez nos hemos anoticiado que la segunda etapa de lluvias ha sido intensa, ha afectado a cinco departamentos, el departamento m\u00e1s afectado es el departamento de Tarija, donde nos han reportado cuatro municipios que han sufrido las intensas lluvias. Se instruy\u00f3 la movilizaci\u00f3n de las fuerzas armadas por v\u00eda a\u00e9rea, tambi\u00e9n movilizaci\u00f3n v\u00eda terrestre, se ha convocado al SAR, porque se har\u00e1n vuelos por las regiones afectadas, porque hay personas desaparecidas en algunos municipios. Hay cortes de caminos en algunas rutas troncales, ya se ha informado a la ABC para que se movilicen con su plan de emergencia, nos han informado tambi\u00e9n que existen viviendas destruidas, se tiene que hacer una evaluaci\u00f3n, hay un principio, alcaldes y autoridades, vivienda destruida por desastres es vivienda construida. Ese mensaje tenemos que dar a nuestros hermanos, que el gobierno est\u00e1 reaccionando positivamente ante este tipo de emergencia. Tambi\u00e9n el sobrevuelo nos va a permitir ver la magnitud de los desastres que ha ocasionado, especialmente en la producci\u00f3n, tenemos la informaci\u00f3n de que ha afectado a muchos vi\u00f1edos, a mucha producci\u00f3n de durazno, de membrillo y, fundamentalmente, a la producci\u00f3n de hortalizas.\u201d<\/em><\/p>\n\n\n\n<p>Calvimontes explic\u00f3 tambi\u00e9n que todas las acciones emprendidas en el trabajo de contenci\u00f3n de los desastres naturales servir\u00e1n para estar preparados frente a un tercer periodo de intensas lluvias. En este entendido, se ha previsto la instalaci\u00f3n de un centro de operaciones en Tarija, lo cual permitir\u00e1 atender a ese departamento y tambi\u00e9n a la regi\u00f3n sur de Chuquisaca.<\/p>\n","protected":false},"excerpt":{"rendered":"<p>El viceministro de Defensa Civil, Juan Carlos Calvimontes, en una conferencia de prensa dada en el departamento de Tarija, inform\u00f3 que el Gobierno nacional moviliz\u00f3 a las Fuerzas Armadas y destin\u00f3 ayuda humanitaria para atender a los damnificados por las intensas lluvias en el departamento de Tarija, donde cuatro municipios resultaron afectados.\u00a0 \u201cUna vez nos hemos anoticiado que la segunda etapa de lluvias ha sido intensa, ha afectado a cinco departamentos, el departamento m\u00e1s afectado es el departamento de Tarija, donde nos han reportado cuatro municipios que han sufrido las intensas lluvias. Se instruy\u00f3 la movilizaci\u00f3n de las fuerzas armadas<\/p>\n","protected":false},"author":2,"featured_media":4141,"comment_status":"closed","ping_status":"open","sticky":false,"template":"","format":"standard","meta":{"_seopress_robots_primary_cat":"","_seopress_titles_title":"","_seopress_titles_desc":"","_seopress_robots_index":"","_jetpack_memberships_contains_paid_content":false,"footnotes":""},"categories":[103],"tags":[109,277],"class_list":["post-4140","post","type-post","status-publish","format-standard","has-post-thumbnail","hentry","category-nacional","tag-bolivia","tag-desastres-naturales"],"jetpack_featured_media_url":"https:\/\/elradar.info\/wp-content\/uploads\/2022\/01\/el-gobierno-envi-ayuda-a-las-familias-damnificadas-por-desastres_1770935744_1140x520.jpg","jetpack_sharing_enabled":true,"amp_enabled":true,"_links":{"self":[{"href":"https:\/\/elradar.info\/index.php?rest_route=\/wp\/v2\/posts\/4140","targetHints":{"allow":["GET"]}}],"collection":[{"href":"https:\/\/elradar.info\/index.php?rest_route=\/wp\/v2\/posts"}],"about":[{"href":"https:\/\/elradar.info\/index.php?rest_route=\/wp\/v2\/types\/post"}],"author":[{"embeddable":true,"href":"https:\/\/elradar.info\/index.php?rest_route=\/wp\/v2\/users\/2"}],"replies":[{"embeddable":true,"href":"https:\/\/elradar.info\/index.php?rest_route=%2Fwp%2Fv2%2Fcomments&post=4140"}],"version-history":[{"count":1,"href":"https:\/\/elradar.info\/index.php?rest_route=\/wp\/v2\/posts\/4140\/revisions"}],"predecessor-version":[{"id":4142,"href":"https:\/\/elradar.info\/index.php?rest_route=\/wp\/v2\/posts\/4140\/revisions\/4142"}],"wp:featuredmedia":[{"embeddable":true,"href":"https:\/\/elradar.info\/index.php?rest_route=\/wp\/v2\/media\/4141"}],"wp:attachment":[{"href":"https:\/\/elradar.info\/index.php?rest_route=%2Fwp%2Fv2%2Fmedia&parent=4140"}],"wp:term":[{"taxonomy":"category","embeddable":true,"href":"https:\/\/elradar.info\/index.php?rest_route=%2Fwp%2Fv2%2Fcategories&post=4140"},{"taxonomy":"post_tag","embeddable":true,"href":"https:\/\/elradar.info\/index.php?rest_route=%2Fwp%2Fv2%2Ftags&post=4140"}],"curies":[{"name":"wp","href":"https:\/\/api.w.org\/{rel}","templated":true}]}}