{"id":4690,"date":"2022-02-01T17:41:02","date_gmt":"2022-02-01T21:41:02","guid":{"rendered":"http:\/\/elradar.info\/?p=4690"},"modified":"2024-02-01T12:21:25","modified_gmt":"2024-02-01T16:21:25","slug":"luis-arce-inaugura-la-gestion-escolar-2022-en-sucre","status":"publish","type":"post","link":"https:\/\/elradar.info\/?p=4690","title":{"rendered":"Luis Arce inaugura la gesti\u00f3n escolar 2022 en Sucre\ufffc"},"content":{"rendered":"\n<p>Hoy, 1 de febrero de 2022, el presidente del Estado Plurinacional de Bolivia, Luis Arce Catacora, se hizo presente en la unidad educativa Ernesto Che Guevara de la ciudad de Sucre, con el fin de inaugurar tanto el colegio mismo como la gesti\u00f3n escolar 2022:<\/p>\n\n\n\n<p><em>\u201cEstamos seguros que este a\u00f1o 2022 va a ser mucho m\u00e1s provechoso que el a\u00f1o pasado, donde todav\u00eda empez\u00e1bamos con dificultades el a\u00f1o escolar, donde hab\u00edamos planteado tres alternativas, para diferenciar nuestra pol\u00edtica educativa en tiempos de pandemia, con respecto a lo que se hac\u00eda en el pasado, en el gobierno de facto, que simplemente clausur\u00f3 el a\u00f1o escolar. Nosotros dimos tres modalidades que, poco a poco, gracias a la vacunaci\u00f3n, gracias a los cuidados, a los elementos de bioseguridad, especialmente en el \u00e1rea rural, fue muy clara la diferencia en muchos establecimientos que entraron ya, desde el a\u00f1o pasado, en la modalidad presencial y semi presencial. M\u00e1s del 55% de las unidades educativas, ya estaban en actividades presenciales y semipresenciales el a\u00f1o pasado, pero hoy avanzamos m\u00e1s todav\u00eda, hay m\u00e1s unidades educativas en muchos barrios, de las grandes ciudades capitales, que ya est\u00e1n ingresando tambi\u00e9n a clases presenciales. Felicitamos a los padres de familia, y exhortamos a los mismos a que la vacunaci\u00f3n es un elemento central, para maestros y estudiantes, para que podamos garantizar un normal funcionamiento de los establecimientos y las clases.\u201d\u00a0<\/em><\/p>\n\n\n\n<p>En su discurso, pidi\u00f3 a las alcald\u00edas garantizar los insumos para el cuidado de la salud de maestros y alumnos. Del mismo modo, solicit\u00f3 poner atenci\u00f3n a la infraestructura de los colegios, descuidados por la ausencia de clases presenciales durante la pandemia.<\/p>\n\n\n\n<p>En otros departamentos del pa\u00eds, el a\u00f1o escolar fue inaugurado con la presencia de diferentes autoridades gubernamentales, quienes reafirmaron el compromiso del Gobierno de llevar adelante la gesti\u00f3n trabajando en pos de la salud y el retorno a las aulas.<\/p>\n\n\n\n<p>En la localidad de Vinto del departamento de Cochabamba, el ministro de Salud y Deportes, Jeyson Auza, resalt\u00f3 que en el inicio de las labores escolares se cuenta con el 91% de profesores vacunados con primeras dosis y el 85% con esquema completo:<\/p>\n\n\n\n<p><em>\u201cM\u00e1s del 91% de nuestros profesores est\u00e1n vacunados con una primera dosis y m\u00e1s del 85% con esquema completo, nuestros estudiantes a pesar de que ha sido cortito el tiempo que se ha abierto la vacunaci\u00f3n para ellos, han demostrado su responsabilidad\u201d,\u00a0<\/em><\/p>\n\n\n\n<p>En cuanto a los estudiantes, seg\u00fan datos del Ministerio de Salud y Deportes, se aplic\u00f3 a 1.235.943 ni\u00f1os y adolescentes las primeras dosis y 677.118 con esquema completo.\u00a0\u00a0<\/p>\n\n\n\n<figure class=\"wp-block-image size-large\"><img loading=\"lazy\" decoding=\"async\" width=\"576\" height=\"1024\" src=\"https:\/\/elradar.info\/wp-content\/uploads\/2022\/02\/WhatsApp-Image-2022-02-01-at-17.12.41-576x1024.jpeg\" alt=\"\" class=\"wp-image-4693\" srcset=\"https:\/\/elradar.info\/wp-content\/uploads\/2022\/02\/WhatsApp-Image-2022-02-01-at-17.12.41-576x1024.jpeg 576w, https:\/\/elradar.info\/wp-content\/uploads\/2022\/02\/WhatsApp-Image-2022-02-01-at-17.12.41-169x300.jpeg 169w, https:\/\/elradar.info\/wp-content\/uploads\/2022\/02\/WhatsApp-Image-2022-02-01-at-17.12.41-360x640.jpeg 360w, https:\/\/elradar.info\/wp-content\/uploads\/2022\/02\/WhatsApp-Image-2022-02-01-at-17.12.41.jpeg 720w\" sizes=\"auto, (max-width: 576px) 100vw, 576px\" \/><\/figure>\n","protected":false},"excerpt":{"rendered":"<p>Hoy, 1 de febrero de 2022, el presidente del Estado Plurinacional de Bolivia, Luis Arce Catacora, se hizo presente en la unidad educativa Ernesto Che Guevara de la ciudad de Sucre, con el fin de inaugurar tanto el colegio mismo como la gesti\u00f3n escolar 2022: \u201cEstamos seguros que este a\u00f1o 2022 va a ser mucho m\u00e1s provechoso que el a\u00f1o pasado, donde todav\u00eda empez\u00e1bamos con dificultades el a\u00f1o escolar, donde hab\u00edamos planteado tres alternativas, para diferenciar nuestra pol\u00edtica educativa en tiempos de pandemia, con respecto a lo que se hac\u00eda en el pasado, en el gobierno de facto, que simplemente<\/p>\n","protected":false},"author":2,"featured_media":4692,"comment_status":"closed","ping_status":"open","sticky":false,"template":"","format":"standard","meta":{"_seopress_robots_primary_cat":"none","_seopress_titles_title":"","_seopress_titles_desc":"","_seopress_robots_index":"","_jetpack_memberships_contains_paid_content":false,"footnotes":""},"categories":[103],"tags":[109,292,120],"class_list":["post-4690","post","type-post","status-publish","format-standard","has-post-thumbnail","hentry","category-nacional","tag-bolivia","tag-educacion","tag-luis-arce-catacora"],"jetpack_featured_media_url":"https:\/\/elradar.info\/wp-content\/uploads\/2022\/02\/272963914_496686031897036_3005393833548201572_n.jpg","jetpack_sharing_enabled":true,"amp_enabled":true,"_links":{"self":[{"href":"https:\/\/elradar.info\/index.php?rest_route=\/wp\/v2\/posts\/4690","targetHints":{"allow":["GET"]}}],"collection":[{"href":"https:\/\/elradar.info\/index.php?rest_route=\/wp\/v2\/posts"}],"about":[{"href":"https:\/\/elradar.info\/index.php?rest_route=\/wp\/v2\/types\/post"}],"author":[{"embeddable":true,"href":"https:\/\/elradar.info\/index.php?rest_route=\/wp\/v2\/users\/2"}],"replies":[{"embeddable":true,"href":"https:\/\/elradar.info\/index.php?rest_route=%2Fwp%2Fv2%2Fcomments&post=4690"}],"version-history":[{"count":1,"href":"https:\/\/elradar.info\/index.php?rest_route=\/wp\/v2\/posts\/4690\/revisions"}],"predecessor-version":[{"id":4694,"href":"https:\/\/elradar.info\/index.php?rest_route=\/wp\/v2\/posts\/4690\/revisions\/4694"}],"wp:featuredmedia":[{"embeddable":true,"href":"https:\/\/elradar.info\/index.php?rest_route=\/wp\/v2\/media\/4692"}],"wp:attachment":[{"href":"https:\/\/elradar.info\/index.php?rest_route=%2Fwp%2Fv2%2Fmedia&parent=4690"}],"wp:term":[{"taxonomy":"category","embeddable":true,"href":"https:\/\/elradar.info\/index.php?rest_route=%2Fwp%2Fv2%2Fcategories&post=4690"},{"taxonomy":"post_tag","embeddable":true,"href":"https:\/\/elradar.info\/index.php?rest_route=%2Fwp%2Fv2%2Ftags&post=4690"}],"curies":[{"name":"wp","href":"https:\/\/api.w.org\/{rel}","templated":true}]}}