{"id":8777,"date":"2022-02-18T16:24:14","date_gmt":"2022-02-18T20:24:14","guid":{"rendered":"http:\/\/elradar.info\/?p=8777"},"modified":"2024-02-01T12:21:22","modified_gmt":"2024-02-01T16:21:22","slug":"nuestro-mundo-la-nueva-produccion-de-hector-guerra","status":"publish","type":"post","link":"https:\/\/elradar.info\/?p=8777","title":{"rendered":"Nuestro Mundo, la nueva producci\u00f3n de H\u00e9ctor Guerra"},"content":{"rendered":"\n<p>Hoy se estren\u00f3 el primer sencillo del disco <strong>Amor: 10 aniversario<\/strong>, del cantante espa\u00f1ol de m\u00fasica urbana y andina, David Guerra. En este sencillo, H\u00e9ctor colabor\u00f3 con el productor Estoy Jean Pierre, conocido por haber trabajado con grupos como los Kjarkas, Proyecci\u00f3n, Mar\u00eda Juana o Chilajatun. Esta nueva producci\u00f3n, cuyo g\u00e9nero denominaron \u201ccumbia global\u201d fue grabada en el mes de enero en Cochabamba<\/p>\n\n\n\n<p>Seg\u00fan Guerra, con el disco al que acompa\u00f1a el sencillo, pretende regresar a sus or\u00edgenes, pues el cantante tiene madre boliviana.&nbsp;<\/p>\n\n\n\n<p>La letra del sencillo hace referencia a la idea del \u201cmestizaje global\u201d del que el mismo Guerra se siente parte, ejemplo de ello es su propia familia, la misma que incluye m\u00faltiples nacionalidades.&nbsp;&nbsp;<\/p>\n\n\n\n<p>Acerca de lo que el p\u00fablico encontrar\u00e1 al acercarse a su nuevo disco, el cantante explic\u00f3:<\/p>\n\n\n\n<p><em>\u201cVan a encontrar MUCHA TUBA. La tuba hoy en d\u00eda es un s\u00edmbolo de identidad para los mexicanos y los latinos en USA, pero tambi\u00e9n tiene un esp\u00edritu poderoso en Europa y Los Andes\u201d.<\/em><\/p>\n\n\n\n<p>Sobre el recorrido de H\u00e9ctor David Barriga Guerra se puede destacar: fue fundador del grupo\u00a0<em>Pachamama Crew<\/em>, con los que dio sus primeros pasos en la m\u00fasica para luego sacar su primer disco en solitario, <strong>Amor3\u200b4<\/strong>,\u200b el mismo que fue elogiado por la prensa independiente estadounidense y mexicana como uno de los mejores discos latinos del 2012. M\u00e1s adelante, colabor\u00f3 con grandes figuras de la m\u00fasica latina como Rub\u00e9n Albarr\u00e1n de Caf\u00e9 Tacuba o Roco de Maldita Vecindad. Se present\u00f3 en distintas ciudades de Estados Unidos y M\u00e9xico, llegando a abrir la gira por California de Pante\u00f3n Rococ\u00f3 y Molotov. Su segundo disco se lanz\u00f3 en 2015 y se llam\u00f3 <strong>Gracias por existir<\/strong>, donde colabor\u00f3 con Pante\u00f3n Rococ\u00f3. En mayo de 2017 sali\u00f3 el sencillo \u00abYo soy Dios\u00bb junto al rapero Ad\u00e1n Cruz. Ese mismo a\u00f1o, su canci\u00f3n \u00abDel barrio pa\u00b4 Wirikuta\u00bb particip\u00f3 como banda sonora principal del documental <em>Mexicanos de bronce,<\/em> de Netflix. El tercer disco de H\u00e9ctor Guerra se llam\u00f3 <strong>Desde el infierno8\u200b9\u200b10\u200b11\u200b12<\/strong>\u200b y fue lanzado en Espa\u00f1a en enero de 2018. Este trabajo lo llev\u00f3 a dar shows a ciudades como Madrid, Barcelona en Espa\u00f1a, Roma en Italia, Innsbruck en Austria, y grandes festivales europeos. En 2020 present\u00f3 su nuevo trabajo llamado <strong>Perreo C\u00f3smico<\/strong>. El disco <strong>Amor: 10 aniversario<\/strong>, del que este tema, \u201cNuestro Mundo\u201d, es el primer sencillo, saldr\u00e1 a la venta en octubre de este a\u00f1o.<\/p>\n\n\n\n<figure class=\"wp-block-embed is-type-video is-provider-youtube wp-block-embed-youtube wp-embed-aspect-16-9 wp-has-aspect-ratio\"><div class=\"wp-block-embed__wrapper\">\n<iframe loading=\"lazy\"  id=\"_ytid_84139\"  width=\"1140\" height=\"641\"  data-origwidth=\"1140\" data-origheight=\"641\" src=\"https:\/\/www.youtube.com\/embed\/SZjw4d0ovgA?enablejsapi=1&#038;autoplay=0&#038;cc_load_policy=0&#038;cc_lang_pref=&#038;iv_load_policy=1&#038;loop=0&#038;rel=1&#038;fs=1&#038;playsinline=0&#038;autohide=2&#038;theme=dark&#038;color=red&#038;controls=1&#038;disablekb=0&#038;\" class=\"__youtube_prefs__  epyt-is-override  no-lazyload\" title=\"YouTube player\"  allow=\"fullscreen; accelerometer; autoplay; clipboard-write; encrypted-media; gyroscope; picture-in-picture; web-share\" referrerpolicy=\"strict-origin-when-cross-origin\" allowfullscreen data-no-lazy=\"1\" data-skipgform_ajax_framebjll=\"\"><\/iframe>\n<\/div><figcaption>Mira aqu\u00ed su nuevo videoclip<\/figcaption><\/figure>\n","protected":false},"excerpt":{"rendered":"<p>Hoy se estren\u00f3 el primer sencillo del disco Amor: 10 aniversario, del cantante espa\u00f1ol de m\u00fasica urbana y andina, David Guerra. En este sencillo, H\u00e9ctor colabor\u00f3 con el productor Estoy Jean Pierre, conocido por haber trabajado con grupos como los Kjarkas, Proyecci\u00f3n, Mar\u00eda Juana o Chilajatun. Esta nueva producci\u00f3n, cuyo g\u00e9nero denominaron \u201ccumbia global\u201d fue grabada en el mes de enero en Cochabamba Seg\u00fan Guerra, con el disco al que acompa\u00f1a el sencillo, pretende regresar a sus or\u00edgenes, pues el cantante tiene madre boliviana.&nbsp; La letra del sencillo hace referencia a la idea del \u201cmestizaje global\u201d del que el mismo<\/p>\n","protected":false},"author":2,"featured_media":8779,"comment_status":"closed","ping_status":"open","sticky":false,"template":"","format":"standard","meta":{"_seopress_robots_primary_cat":"none","_seopress_titles_title":"","_seopress_titles_desc":"","_seopress_robots_index":"","_jetpack_memberships_contains_paid_content":false,"footnotes":""},"categories":[127],"tags":[109,141,354,353,355],"class_list":["post-8777","post","type-post","status-publish","format-standard","has-post-thumbnail","hentry","category-cultura","tag-bolivia","tag-cultura","tag-estoy-jean-pierre","tag-hector-guerra","tag-musica"],"jetpack_featured_media_url":"https:\/\/elradar.info\/wp-content\/uploads\/2022\/02\/HGgasa.png","jetpack_sharing_enabled":true,"amp_enabled":true,"_links":{"self":[{"href":"https:\/\/elradar.info\/index.php?rest_route=\/wp\/v2\/posts\/8777","targetHints":{"allow":["GET"]}}],"collection":[{"href":"https:\/\/elradar.info\/index.php?rest_route=\/wp\/v2\/posts"}],"about":[{"href":"https:\/\/elradar.info\/index.php?rest_route=\/wp\/v2\/types\/post"}],"author":[{"embeddable":true,"href":"https:\/\/elradar.info\/index.php?rest_route=\/wp\/v2\/users\/2"}],"replies":[{"embeddable":true,"href":"https:\/\/elradar.info\/index.php?rest_route=%2Fwp%2Fv2%2Fcomments&post=8777"}],"version-history":[{"count":2,"href":"https:\/\/elradar.info\/index.php?rest_route=\/wp\/v2\/posts\/8777\/revisions"}],"predecessor-version":[{"id":8781,"href":"https:\/\/elradar.info\/index.php?rest_route=\/wp\/v2\/posts\/8777\/revisions\/8781"}],"wp:featuredmedia":[{"embeddable":true,"href":"https:\/\/elradar.info\/index.php?rest_route=\/wp\/v2\/media\/8779"}],"wp:attachment":[{"href":"https:\/\/elradar.info\/index.php?rest_route=%2Fwp%2Fv2%2Fmedia&parent=8777"}],"wp:term":[{"taxonomy":"category","embeddable":true,"href":"https:\/\/elradar.info\/index.php?rest_route=%2Fwp%2Fv2%2Fcategories&post=8777"},{"taxonomy":"post_tag","embeddable":true,"href":"https:\/\/elradar.info\/index.php?rest_route=%2Fwp%2Fv2%2Ftags&post=8777"}],"curies":[{"name":"wp","href":"https:\/\/api.w.org\/{rel}","templated":true}]}}