{"id":9634,"date":"2022-02-21T14:54:55","date_gmt":"2022-02-21T18:54:55","guid":{"rendered":"http:\/\/elradar.info\/?p=9634"},"modified":"2024-02-01T12:21:22","modified_gmt":"2024-02-01T16:21:22","slug":"se-desmiente-que-garcia-linera-haya-sido-padrino-de-bodas-del-coronel-jose-maria-velasco","status":"publish","type":"post","link":"https:\/\/elradar.info\/?p=9634","title":{"rendered":"Se desmiente que Garc\u00eda Linera haya sido padrino de bodas del coronel Jos\u00e9 Mar\u00eda Velasco"},"content":{"rendered":"\n<p>En redes sociales ha estado circulando una fotograf\u00eda en la que aparecen el coronel Wilmher Jos\u00e9 Mar\u00eda Velasco y su esposa el d\u00eda de su boda, acompa\u00f1ando a la pareja se muestra al exvicepresidente \u00c1lvaro Garc\u00eda Linera.<\/p>\n\n\n\n<p>Esta publicaci\u00f3n, difundida por el diputado por Creemos, Erwin Baz\u00e1n Guti\u00e9rrez, ven\u00eda acompa\u00f1ada por el texto: \u201c\u00c1lvaro Garc\u00eda Linera es el padrino de uno de los matrimonios que contrajo el actual Director Nacional de la Fuerza Especial de lucha contra el Narcotr\u00e1fico (FELCN), Coronel Jos\u00e9 Mar\u00eda Velasco. Este padrinazgo pol\u00edtico no es casual\u201d.\u00a0<\/p>\n\n\n\n<p>Seg\u00fan la p\u00e1gina \u201cBolivia verifica\u201d, se trata de una boda a la que efectivamente Garc\u00eda Linera asisti\u00f3, pero no fue ni padrino ni testigo de los novios.\u00a0<\/p>\n\n\n\n<p>El a\u00f1o 2006, en el que presuntamente fue tomada la fotograf\u00eda, la novia fung\u00eda de secretaria de la Polic\u00eda en Palacio de Gobierno y el novio era parte del cuerpo de Seguridad de la Vicepresidencia. Es posible que, por esta relaci\u00f3n laboral, se haya invitado a Garc\u00eda Linera a la boda, hecho que no confirma alguna relaci\u00f3n entre Velasco y Linera, pues este \u00faltimo habr\u00eda fungido en el cuerpo de seguridad de varios mandatarios como: Jaime Paz, Gonzalo S\u00e1nchez de Lozada y Eduardo Rodr\u00edguez Veltz\u00e9, entre otros.\u00a0<\/p>\n\n\n\n<p>Como dato adicional, es importante recalcar que Velasco solo estuvo en funciones como director de la Fuerza Especial de Lucha contra el Narcotr\u00e1fico (FELCN) por aproximadamente cuatro meses antes de ser removido de su cargo.\u00a0<\/p>\n","protected":false},"excerpt":{"rendered":"<p>En redes sociales ha estado circulando una fotograf\u00eda en la que aparecen el coronel Wilmher Jos\u00e9 Mar\u00eda Velasco y su esposa el d\u00eda de su boda, acompa\u00f1ando a la pareja se muestra al exvicepresidente \u00c1lvaro Garc\u00eda Linera. Esta publicaci\u00f3n, difundida por el diputado por Creemos, Erwin Baz\u00e1n Guti\u00e9rrez, ven\u00eda acompa\u00f1ada por el texto: \u201c\u00c1lvaro Garc\u00eda Linera es el padrino de uno de los matrimonios que contrajo el actual Director Nacional de la Fuerza Especial de lucha contra el Narcotr\u00e1fico (FELCN), Coronel Jos\u00e9 Mar\u00eda Velasco. Este padrinazgo pol\u00edtico no es casual\u201d.\u00a0 Seg\u00fan la p\u00e1gina \u201cBolivia verifica\u201d, se trata de una boda<\/p>\n","protected":false},"author":2,"featured_media":9636,"comment_status":"closed","ping_status":"open","sticky":false,"template":"","format":"standard","meta":{"_seopress_robots_primary_cat":"none","_seopress_titles_title":"Se desmiente que Garc\u00eda Linera haya sido padrino de bodas del coronel Jos\u00e9 Mar\u00eda Velasco","_seopress_titles_desc":"En redes sociales ha estado circulando una fotograf\u00eda en la que aparecen el coronel Wilmher Jos\u00e9 Mar\u00eda Velasco y su esposa el d\u00eda de su boda, acompa\u00f1ando a la pareja se muestra al exvicepresidente \u00c1lvaro Garc\u00eda Linera.","_seopress_robots_index":"","_jetpack_memberships_contains_paid_content":false,"footnotes":""},"categories":[103],"tags":[363,109,116],"class_list":["post-9634","post","type-post","status-publish","format-standard","has-post-thumbnail","hentry","category-nacional","tag-alvaro-garcia-linera","tag-bolivia","tag-fake-news"],"jetpack_featured_media_url":"https:\/\/elradar.info\/wp-content\/uploads\/2022\/02\/274172623_363769879085740_8287383173057241734_n-1.jpg","jetpack_sharing_enabled":true,"amp_enabled":true,"_links":{"self":[{"href":"https:\/\/elradar.info\/index.php?rest_route=\/wp\/v2\/posts\/9634","targetHints":{"allow":["GET"]}}],"collection":[{"href":"https:\/\/elradar.info\/index.php?rest_route=\/wp\/v2\/posts"}],"about":[{"href":"https:\/\/elradar.info\/index.php?rest_route=\/wp\/v2\/types\/post"}],"author":[{"embeddable":true,"href":"https:\/\/elradar.info\/index.php?rest_route=\/wp\/v2\/users\/2"}],"replies":[{"embeddable":true,"href":"https:\/\/elradar.info\/index.php?rest_route=%2Fwp%2Fv2%2Fcomments&post=9634"}],"version-history":[{"count":1,"href":"https:\/\/elradar.info\/index.php?rest_route=\/wp\/v2\/posts\/9634\/revisions"}],"predecessor-version":[{"id":9637,"href":"https:\/\/elradar.info\/index.php?rest_route=\/wp\/v2\/posts\/9634\/revisions\/9637"}],"wp:featuredmedia":[{"embeddable":true,"href":"https:\/\/elradar.info\/index.php?rest_route=\/wp\/v2\/media\/9636"}],"wp:attachment":[{"href":"https:\/\/elradar.info\/index.php?rest_route=%2Fwp%2Fv2%2Fmedia&parent=9634"}],"wp:term":[{"taxonomy":"category","embeddable":true,"href":"https:\/\/elradar.info\/index.php?rest_route=%2Fwp%2Fv2%2Fcategories&post=9634"},{"taxonomy":"post_tag","embeddable":true,"href":"https:\/\/elradar.info\/index.php?rest_route=%2Fwp%2Fv2%2Ftags&post=9634"}],"curies":[{"name":"wp","href":"https:\/\/api.w.org\/{rel}","templated":true}]}}