{"id":9679,"date":"2022-02-21T15:51:57","date_gmt":"2022-02-21T19:51:57","guid":{"rendered":"http:\/\/elradar.info\/?p=9679"},"modified":"2024-02-01T12:21:22","modified_gmt":"2024-02-01T16:21:22","slug":"hector-garibay-brilla-en-sevilla-y-se-clasifica-al-mundial-de-atletismo","status":"publish","type":"post","link":"https:\/\/elradar.info\/?p=9679","title":{"rendered":"H\u00e9ctor Garibay brilla en Sevilla y se clasifica al Mundial de Atletismo"},"content":{"rendered":"\n<p>El deportista orure\u00f1o, H\u00e9ctor Garibay, volvi\u00f3 a hacer historia al romper la marca m\u00ednima y clasificarse al Mundial de Atletismo que se celebrar\u00e1 en Oreg\u00f3n, Estados Unidos. Sumada a esta conquista, impuso una nueva marca en marat\u00f3n y en media marat\u00f3n, durante su participaci\u00f3n en la marat\u00f3n de Sevilla, que se corri\u00f3 ayer en Espa\u00f1a.<\/p>\n\n\n\n<p>Garibay forma parte del programa Tunkas, lanzado en junio de 2021, que patrocina a deportistas bolivianos \u00e9lite en diferentes disciplinas. En este marco, su participaci\u00f3n fue auspiciada por el presidente Luis Arce Catacora, quien personalmente le hizo entrega de los pasajes para su asistencia a la XXXVII edici\u00f3n de la Marat\u00f3n de Sevilla, en la que obtuvo el puesto 15 entre m\u00e1s de 11.000 competidores, con un tiempo de dos horas, nueve minutos y seis segundos.\u00a0\u00a0<\/p>\n\n\n\n<p>El atleta tuvo una destacada actuaci\u00f3n en 2021: obtuvo medalla de plata en el Sudamericano de Marat\u00f3n, llevado a cabo en Paraguay, y gan\u00f3 la tradicional Marat\u00f3n de Buenos Aires con un tiempo de 2 horas, 11 minutos y 59 segundos. El nuevo registro obtenido por Garibay en media marat\u00f3n: 1 hora, 3 minutos y 14 segundos, super\u00f3 al de su connacional Marco Antonio Condori, quien en 1995 obtuvo 1 hora, 5 minutos y 10 segundos, seg\u00fan los datos estad\u00edsticos de la Federaci\u00f3n Atl\u00e9tica de Bolivia (FAB).<\/p>\n\n\n\n<p>Una vez asegurada su participaci\u00f3n en el Mundial de Oreg\u00f3n, el siguiente objetivo del deportista orure\u00f1o son los Juegos Ol\u00edmpicos de Par\u00eds 2024.<\/p>\n","protected":false},"excerpt":{"rendered":"<p>El deportista orure\u00f1o, H\u00e9ctor Garibay, volvi\u00f3 a hacer historia al romper la marca m\u00ednima y clasificarse al Mundial de Atletismo que se celebrar\u00e1 en Oreg\u00f3n, Estados Unidos. Sumada a esta conquista, impuso una nueva marca en marat\u00f3n y en media marat\u00f3n, durante su participaci\u00f3n en la marat\u00f3n de Sevilla, que se corri\u00f3 ayer en Espa\u00f1a. Garibay forma parte del programa Tunkas, lanzado en junio de 2021, que patrocina a deportistas bolivianos \u00e9lite en diferentes disciplinas. En este marco, su participaci\u00f3n fue auspiciada por el presidente Luis Arce Catacora, quien personalmente le hizo entrega de los pasajes para su asistencia a<\/p>\n","protected":false},"author":2,"featured_media":9681,"comment_status":"closed","ping_status":"open","sticky":false,"template":"","format":"standard","meta":{"_seopress_robots_primary_cat":"none","_seopress_titles_title":"","_seopress_titles_desc":"","_seopress_robots_index":"","_jetpack_memberships_contains_paid_content":false,"footnotes":""},"categories":[199],"tags":[109,364,365,366],"class_list":["post-9679","post","type-post","status-publish","format-standard","has-post-thumbnail","hentry","category-deportes","tag-bolivia","tag-deportes","tag-hector-garibay","tag-mundial-atletismo"],"jetpack_featured_media_url":"https:\/\/elradar.info\/wp-content\/uploads\/2022\/02\/373821.jpg","jetpack_sharing_enabled":true,"amp_enabled":true,"_links":{"self":[{"href":"https:\/\/elradar.info\/index.php?rest_route=\/wp\/v2\/posts\/9679","targetHints":{"allow":["GET"]}}],"collection":[{"href":"https:\/\/elradar.info\/index.php?rest_route=\/wp\/v2\/posts"}],"about":[{"href":"https:\/\/elradar.info\/index.php?rest_route=\/wp\/v2\/types\/post"}],"author":[{"embeddable":true,"href":"https:\/\/elradar.info\/index.php?rest_route=\/wp\/v2\/users\/2"}],"replies":[{"embeddable":true,"href":"https:\/\/elradar.info\/index.php?rest_route=%2Fwp%2Fv2%2Fcomments&post=9679"}],"version-history":[{"count":1,"href":"https:\/\/elradar.info\/index.php?rest_route=\/wp\/v2\/posts\/9679\/revisions"}],"predecessor-version":[{"id":9682,"href":"https:\/\/elradar.info\/index.php?rest_route=\/wp\/v2\/posts\/9679\/revisions\/9682"}],"wp:featuredmedia":[{"embeddable":true,"href":"https:\/\/elradar.info\/index.php?rest_route=\/wp\/v2\/media\/9681"}],"wp:attachment":[{"href":"https:\/\/elradar.info\/index.php?rest_route=%2Fwp%2Fv2%2Fmedia&parent=9679"}],"wp:term":[{"taxonomy":"category","embeddable":true,"href":"https:\/\/elradar.info\/index.php?rest_route=%2Fwp%2Fv2%2Fcategories&post=9679"},{"taxonomy":"post_tag","embeddable":true,"href":"https:\/\/elradar.info\/index.php?rest_route=%2Fwp%2Fv2%2Ftags&post=9679"}],"curies":[{"name":"wp","href":"https:\/\/api.w.org\/{rel}","templated":true}]}}