{"id":9911,"date":"2022-02-22T16:18:24","date_gmt":"2022-02-22T20:18:24","guid":{"rendered":"http:\/\/elradar.info\/?p=9911"},"modified":"2024-02-01T12:21:21","modified_gmt":"2024-02-01T16:21:21","slug":"los-planes-de-fuga-de-jeanine-anez","status":"publish","type":"post","link":"https:\/\/elradar.info\/?p=9911","title":{"rendered":"Los planes de fuga de Jeanine \u00c1\u00f1ez"},"content":{"rendered":"\n<p>Tanto en medios de comunicaci\u00f3n como en diferentes redes sociales se ha estado difundiendo la existencia de un posible plan de fuga orquestado por Jeanine \u00c1\u00f1ez y sus allegados. Varios indicios dados a conocer en los pasados d\u00edas han ido a reforzar esta hip\u00f3tesis, uno de ellos es que, seg\u00fan informantes dentro del penal donde guarda reclusi\u00f3n, se ofreci\u00f3 dinero a los custodios a cargo de la exsenadora. Por otro lado, est\u00e1n las versiones de familiares de las v\u00edctimas de Senkata, quienes, el d\u00eda viernes 18 de febrero, escucharon a algunas personas mencionar que se usar\u00eda una vagoneta 4&#215;4 proporcionada por Samuel Doria Medina para el traslado de \u00c1\u00f1ez, del mismo modo, se habr\u00eda escuchado decir a sus familiares que \u201cla embajada no los esperar\u00eda por mucho tiempo\u201d.<\/p>\n\n\n\n<p>Todas estas suposiciones no son pruebas fehacientes de que el plan de fuga exista efectivamente, sin embargo, podemos remitirnos a un tiempo antes de la captura de Jeanine, cuando un operativo policial frustr\u00f3 su huida hacia el Brasil. En esa ocasi\u00f3n, la exsenadora ten\u00eda las maletas listas, boletos de avi\u00f3n comprados y una avioneta a su disposici\u00f3n. Yerko N\u00fa\u00f1ez, Ministro de la Presidencia del gobierno <em>de facto<\/em>, logr\u00f3 escapar en similares condiciones.<\/p>\n\n\n\n<p>Sobre el peligro de fuga de Jeanine \u00c1\u00f1ez, el Ministro de Gobierno, Eduardo Del Castillo, en ocasi\u00f3n de su captura, declar\u00f3:\u00a0<\/p>\n\n\n\n<p><em>\u201cCuando ten\u00eda una orden de aprehensi\u00f3n, ten\u00eda boletos comprados por v\u00eda a\u00e9rea y terrestre, y se encontraba escondida dentro de una cama, por tanto, exist\u00edan los riesgos procesales que determinaban que esta se\u00f1ora pod\u00eda fugarse del pa\u00eds\u201d.<\/em><\/p>\n\n\n\n<p>En este sentido, Edgar Salazar, presidente de la Asamblea Permanente de Derechos Humanos de Bolivia, denunci\u00f3 hoy que:<\/p>\n\n\n\n<p><em>\u201cSe estar\u00eda gestando un plan de fuga. Nosotros hemos conocido algunas denuncias de que, precisamente, se estar\u00eda gestando la salida a un nosocomio de la se\u00f1ora A\u00f1ez para que se busque un plan para sacarla a una embajada y, como ha ocurrido en el pasado con otros pol\u00edticos que ten\u00edan cuentas pendientes con la justicia en el pa\u00eds, han fugado del pa\u00eds\u201d<\/em>, indic\u00f3 en una entrevista para la radio Patria Nueva.<\/p>\n","protected":false},"excerpt":{"rendered":"<p>Tanto en medios de comunicaci\u00f3n como en diferentes redes sociales se ha estado difundiendo la existencia de un posible plan de fuga orquestado por Jeanine \u00c1\u00f1ez y sus allegados. Varios indicios dados a conocer en los pasados d\u00edas han ido a reforzar esta hip\u00f3tesis, uno de ellos es que, seg\u00fan informantes dentro del penal donde guarda reclusi\u00f3n, se ofreci\u00f3 dinero a los custodios a cargo de la exsenadora. Por otro lado, est\u00e1n las versiones de familiares de las v\u00edctimas de Senkata, quienes, el d\u00eda viernes 18 de febrero, escucharon a algunas personas mencionar que se usar\u00eda una vagoneta 4&#215;4 proporcionada<\/p>\n","protected":false},"author":2,"featured_media":9913,"comment_status":"closed","ping_status":"open","sticky":false,"template":"","format":"standard","meta":{"_seopress_robots_primary_cat":"none","_seopress_titles_title":"Los planes de fuga de Jeanine \u00c1\u00f1ez","_seopress_titles_desc":"Tanto en medios de comunicaci\u00f3n como en diferentes redes sociales se ha estado difundiendo la existencia de un posible plan de fuga orquestado por Jeanine \u00c1\u00f1ez y sus allegados. Varios indicios dados a conocer en los pasados d\u00edas han ido a reforzar esta hip\u00f3tesis, uno de ellos es que, seg\u00fan informantes dentro del penal donde guarda reclusi\u00f3n, se ofreci\u00f3 dinero a los custodios a cargo de la exsenadora.","_seopress_robots_index":"","_jetpack_memberships_contains_paid_content":false,"footnotes":""},"categories":[103],"tags":[109,111,131,373,371,372],"class_list":["post-9911","post","type-post","status-publish","format-standard","has-post-thumbnail","hentry","category-nacional","tag-bolivia","tag-golpe-de-estado","tag-jeanine-anez","tag-jorge-tuto-quiroga","tag-posible-fuga","tag-samuel-doria-medina"],"jetpack_featured_media_url":"https:\/\/elradar.info\/wp-content\/uploads\/2022\/02\/jeanine-anez-bolivia-580x327-1.jpg","jetpack_sharing_enabled":true,"amp_enabled":true,"_links":{"self":[{"href":"https:\/\/elradar.info\/index.php?rest_route=\/wp\/v2\/posts\/9911","targetHints":{"allow":["GET"]}}],"collection":[{"href":"https:\/\/elradar.info\/index.php?rest_route=\/wp\/v2\/posts"}],"about":[{"href":"https:\/\/elradar.info\/index.php?rest_route=\/wp\/v2\/types\/post"}],"author":[{"embeddable":true,"href":"https:\/\/elradar.info\/index.php?rest_route=\/wp\/v2\/users\/2"}],"replies":[{"embeddable":true,"href":"https:\/\/elradar.info\/index.php?rest_route=%2Fwp%2Fv2%2Fcomments&post=9911"}],"version-history":[{"count":2,"href":"https:\/\/elradar.info\/index.php?rest_route=\/wp\/v2\/posts\/9911\/revisions"}],"predecessor-version":[{"id":9959,"href":"https:\/\/elradar.info\/index.php?rest_route=\/wp\/v2\/posts\/9911\/revisions\/9959"}],"wp:featuredmedia":[{"embeddable":true,"href":"https:\/\/elradar.info\/index.php?rest_route=\/wp\/v2\/media\/9913"}],"wp:attachment":[{"href":"https:\/\/elradar.info\/index.php?rest_route=%2Fwp%2Fv2%2Fmedia&parent=9911"}],"wp:term":[{"taxonomy":"category","embeddable":true,"href":"https:\/\/elradar.info\/index.php?rest_route=%2Fwp%2Fv2%2Fcategories&post=9911"},{"taxonomy":"post_tag","embeddable":true,"href":"https:\/\/elradar.info\/index.php?rest_route=%2Fwp%2Fv2%2Ftags&post=9911"}],"curies":[{"name":"wp","href":"https:\/\/api.w.org\/{rel}","templated":true}]}}