{"id":2028,"count":1,"description":"","link":"https:\/\/elradar.info\/?tag=universidad-autonoma-tomas-frias","name":"Universidad Aut\u00f3noma Tom\u00e1s Fr\u00edas","slug":"universidad-autonoma-tomas-frias","taxonomy":"post_tag","meta":[],"_links":{"self":[{"href":"https:\/\/elradar.info\/index.php?rest_route=\/wp\/v2\/tags\/2028","targetHints":{"allow":["GET"]}}],"collection":[{"href":"https:\/\/elradar.info\/index.php?rest_route=\/wp\/v2\/tags"}],"about":[{"href":"https:\/\/elradar.info\/index.php?rest_route=\/wp\/v2\/taxonomies\/post_tag"}],"wp:post_type":[{"href":"https:\/\/elradar.info\/index.php?rest_route=%2Fwp%2Fv2%2Fposts&tags=2028"}],"curies":[{"name":"wp","href":"https:\/\/api.w.org\/{rel}","templated":true}]}}